{"id":7537,"date":"2024-08-22T20:41:31","date_gmt":"2024-08-22T20:41:31","guid":{"rendered":"https:\/\/web.muniolleroshuarochiri.gob.pe\/portal\/?p=7537"},"modified":"2024-09-12T20:42:06","modified_gmt":"2024-09-12T20:42:06","slug":"izamiento-del-pabellon-nacional-en-la-sede-del-cuartel-general-del-e-p","status":"publish","type":"post","link":"http:\/\/web.muniolleroshuarochiri.gob.pe\/portal\/izamiento-del-pabellon-nacional-en-la-sede-del-cuartel-general-del-e-p\/","title":{"rendered":"Izamiento del Pabell\u00f3n Nacional en la sede del Cuartel General del E.P"},"content":{"rendered":"<p>&nbsp;<\/p>\n<div class=\"w-gallery cols_3 link_attachment type_masonry with_indents\"><div class=\"w-gallery-list\"><a class=\"w-gallery-item order_1\" href=\"http:\/\/web.muniolleroshuarochiri.gob.pe\/portal\/izamiento-del-pabellon-nacional-en-la-sede-del-cuartel-general-del-e-p\/1010526-izamiento-del-pabellon-nacional-2_mesa-de-trabajo-1\/\" title=\"1010526-izamiento-del-pabellon-nacional-2_mesa-de-trabajo-1\"><div class=\"w-gallery-item-img\"><img width=\"300\" height=\"169\" src=\"http:\/\/web.muniolleroshuarochiri.gob.pe\/portal\/wp-content\/uploads\/2024\/09\/1010526-izamiento-del-pabellon-nacional-2_mesa-de-trabajo-1-300x169.png\" class=\"attachment-medium size-medium\" alt=\"\" decoding=\"async\" loading=\"lazy\" srcset=\"http:\/\/web.muniolleroshuarochiri.gob.pe\/portal\/wp-content\/uploads\/2024\/09\/1010526-izamiento-del-pabellon-nacional-2_mesa-de-trabajo-1-300x169.png 300w, http:\/\/web.muniolleroshuarochiri.gob.pe\/portal\/wp-content\/uploads\/2024\/09\/1010526-izamiento-del-pabellon-nacional-2_mesa-de-trabajo-1.png 700w\" sizes=\"(max-width: 300px) 100vw, 300px\" \/><\/div><\/a><a class=\"w-gallery-item order_2\" href=\"http:\/\/web.muniolleroshuarochiri.gob.pe\/portal\/izamiento-del-pabellon-nacional-en-la-sede-del-cuartel-general-del-e-p\/1010526-izamiento-del-pabellon-nacional-3_mesa-de-trabajo-1\/\" title=\"1010526-izamiento-del-pabellon-nacional-3_mesa-de-trabajo-1\"><div class=\"w-gallery-item-img\"><img width=\"300\" height=\"169\" src=\"http:\/\/web.muniolleroshuarochiri.gob.pe\/portal\/wp-content\/uploads\/2024\/09\/1010526-izamiento-del-pabellon-nacional-3_mesa-de-trabajo-1-300x169.png\" class=\"attachment-medium size-medium\" alt=\"\" decoding=\"async\" loading=\"lazy\" srcset=\"http:\/\/web.muniolleroshuarochiri.gob.pe\/portal\/wp-content\/uploads\/2024\/09\/1010526-izamiento-del-pabellon-nacional-3_mesa-de-trabajo-1-300x169.png 300w, http:\/\/web.muniolleroshuarochiri.gob.pe\/portal\/wp-content\/uploads\/2024\/09\/1010526-izamiento-del-pabellon-nacional-3_mesa-de-trabajo-1.png 700w\" sizes=\"(max-width: 300px) 100vw, 300px\" \/><\/div><\/a><a class=\"w-gallery-item order_3\" href=\"http:\/\/web.muniolleroshuarochiri.gob.pe\/portal\/izamiento-del-pabellon-nacional-en-la-sede-del-cuartel-general-del-e-p\/thumb_1010526-izamiento-del-pabellon-nacional-1_mesa-de-trabajo-1\/\" title=\"thumb_1010526-izamiento-del-pabellon-nacional-1_mesa-de-trabajo-1\"><div class=\"w-gallery-item-img\"><img width=\"288\" height=\"192\" src=\"http:\/\/web.muniolleroshuarochiri.gob.pe\/portal\/wp-content\/uploads\/2024\/09\/thumb_1010526-izamiento-del-pabellon-nacional-1_mesa-de-trabajo-1.png\" class=\"attachment-medium size-medium\" alt=\"\" decoding=\"async\" loading=\"lazy\" \/><\/div><\/a><\/div><\/div>\n<h1 class=\"text-3xl md:text-4xl leading-9 font-extrabold\">Izamiento del Pabell\u00f3n Nacional en la sede del Cuartel General del E.P<\/h1>\n<p>Jorge Vidal Obispo Huapaya, alcalde del distrito de Santo Domingo de los Olleros, regidores, y funcionarios conjuntamente con el General de Brigada Fernando Uribe Mu\u00f1ante director de Informaciones del Ej\u00e9rcito, realizaron el izamiento del Pabell\u00f3n Nacional en la sede del Cuartel General del E.P, con ocasi\u00f3n de haberse conmemorado los 203 a\u00f1os de creaci\u00f3n de nuestro distrito, fue una ceremonia llena de patriotismo y dignidad.<\/p>\n","protected":false},"excerpt":{"rendered":"<p>&nbsp; Izamiento del Pabell\u00f3n Nacional en la sede del Cuartel General del E.P Jorge Vidal Obispo Huapaya, alcalde del distrito de Santo Domingo de los Olleros, regidores, y funcionarios conjuntamente con el General de Brigada Fernando Uribe Mu\u00f1ante director de Informaciones del Ej\u00e9rcito, realizaron el izamiento del Pabell\u00f3n Nacional en la sede del Cuartel General&#8230;<\/p>\n","protected":false},"author":9,"featured_media":7540,"comment_status":"closed","ping_status":"closed","sticky":false,"template":"","format":"standard","meta":[],"categories":[4,5],"tags":[],"acf":[],"_links":{"self":[{"href":"http:\/\/web.muniolleroshuarochiri.gob.pe\/portal\/wp-json\/wp\/v2\/posts\/7537"}],"collection":[{"href":"http:\/\/web.muniolleroshuarochiri.gob.pe\/portal\/wp-json\/wp\/v2\/posts"}],"about":[{"href":"http:\/\/web.muniolleroshuarochiri.gob.pe\/portal\/wp-json\/wp\/v2\/types\/post"}],"author":[{"embeddable":true,"href":"http:\/\/web.muniolleroshuarochiri.gob.pe\/portal\/wp-json\/wp\/v2\/users\/9"}],"replies":[{"embeddable":true,"href":"http:\/\/web.muniolleroshuarochiri.gob.pe\/portal\/wp-json\/wp\/v2\/comments?post=7537"}],"version-history":[{"count":1,"href":"http:\/\/web.muniolleroshuarochiri.gob.pe\/portal\/wp-json\/wp\/v2\/posts\/7537\/revisions"}],"predecessor-version":[{"id":7541,"href":"http:\/\/web.muniolleroshuarochiri.gob.pe\/portal\/wp-json\/wp\/v2\/posts\/7537\/revisions\/7541"}],"wp:featuredmedia":[{"embeddable":true,"href":"http:\/\/web.muniolleroshuarochiri.gob.pe\/portal\/wp-json\/wp\/v2\/media\/7540"}],"wp:attachment":[{"href":"http:\/\/web.muniolleroshuarochiri.gob.pe\/portal\/wp-json\/wp\/v2\/media?parent=7537"}],"wp:term":[{"taxonomy":"category","embeddable":true,"href":"http:\/\/web.muniolleroshuarochiri.gob.pe\/portal\/wp-json\/wp\/v2\/categories?post=7537"},{"taxonomy":"post_tag","embeddable":true,"href":"http:\/\/web.muniolleroshuarochiri.gob.pe\/portal\/wp-json\/wp\/v2\/tags?post=7537"}],"curies":[{"name":"wp","href":"https:\/\/api.w.org\/{rel}","templated":true}]}}