{"id":7990,"date":"2025-02-08T01:16:54","date_gmt":"2025-02-08T01:16:54","guid":{"rendered":"https:\/\/web.muniolleroshuarochiri.gob.pe\/portal\/?p=7990"},"modified":"2025-02-08T01:16:54","modified_gmt":"2025-02-08T01:16:54","slug":"reunion-especial-con-el-viceministro-del-interior-2","status":"publish","type":"post","link":"http:\/\/web.muniolleroshuarochiri.gob.pe\/portal\/reunion-especial-con-el-viceministro-del-interior-2\/","title":{"rendered":"Reuni\u00f3n especial con el Viceministro del Interior"},"content":{"rendered":"<p>&nbsp;<\/p>\n<div class=\"w-gallery cols_3 link_attachment type_masonry with_indents\"><div class=\"w-gallery-list\"><a class=\"w-gallery-item order_1\" href=\"http:\/\/web.muniolleroshuarochiri.gob.pe\/portal\/reunion-especial-con-el-viceministro-del-interior-2\/sin-titulo-1_mesa-de-trabajo-1\/\" title=\"Sin t\u00edtulo-1_Mesa de trabajo 1\"><div class=\"w-gallery-item-img\"><img width=\"300\" height=\"225\" src=\"http:\/\/web.muniolleroshuarochiri.gob.pe\/portal\/wp-content\/uploads\/2025\/02\/Sin-titulo-1_Mesa-de-trabajo-1-300x225.jpg\" class=\"attachment-medium size-medium\" alt=\"\" decoding=\"async\" loading=\"lazy\" srcset=\"http:\/\/web.muniolleroshuarochiri.gob.pe\/portal\/wp-content\/uploads\/2025\/02\/Sin-titulo-1_Mesa-de-trabajo-1-300x225.jpg 300w, http:\/\/web.muniolleroshuarochiri.gob.pe\/portal\/wp-content\/uploads\/2025\/02\/Sin-titulo-1_Mesa-de-trabajo-1-1024x768.jpg 1024w, http:\/\/web.muniolleroshuarochiri.gob.pe\/portal\/wp-content\/uploads\/2025\/02\/Sin-titulo-1_Mesa-de-trabajo-1-scaled.jpg 1800w\" sizes=\"(max-width: 300px) 100vw, 300px\" \/><\/div><\/a><a class=\"w-gallery-item order_2\" href=\"http:\/\/web.muniolleroshuarochiri.gob.pe\/portal\/reunion-especial-con-el-viceministro-del-interior-2\/sin-titulo-1-02\/\" title=\"Sin t\u00edtulo-1-02\"><div class=\"w-gallery-item-img\"><img width=\"225\" height=\"300\" src=\"http:\/\/web.muniolleroshuarochiri.gob.pe\/portal\/wp-content\/uploads\/2025\/02\/Sin-titulo-1-02-225x300.jpg\" class=\"attachment-medium size-medium\" alt=\"\" decoding=\"async\" loading=\"lazy\" srcset=\"http:\/\/web.muniolleroshuarochiri.gob.pe\/portal\/wp-content\/uploads\/2025\/02\/Sin-titulo-1-02-225x300.jpg 225w, http:\/\/web.muniolleroshuarochiri.gob.pe\/portal\/wp-content\/uploads\/2025\/02\/Sin-titulo-1-02-768x1024.jpg 768w, http:\/\/web.muniolleroshuarochiri.gob.pe\/portal\/wp-content\/uploads\/2025\/02\/Sin-titulo-1-02-scaled.jpg 1350w\" sizes=\"(max-width: 225px) 100vw, 225px\" \/><\/div><\/a><a class=\"w-gallery-item order_3\" href=\"http:\/\/web.muniolleroshuarochiri.gob.pe\/portal\/reunion-especial-con-el-viceministro-del-interior-2\/sin-titulo-1-03\/\" title=\"Sin t\u00edtulo-1-03\"><div class=\"w-gallery-item-img\"><img width=\"225\" height=\"300\" src=\"http:\/\/web.muniolleroshuarochiri.gob.pe\/portal\/wp-content\/uploads\/2025\/02\/Sin-titulo-1-03-225x300.jpg\" class=\"attachment-medium size-medium\" alt=\"\" decoding=\"async\" loading=\"lazy\" srcset=\"http:\/\/web.muniolleroshuarochiri.gob.pe\/portal\/wp-content\/uploads\/2025\/02\/Sin-titulo-1-03-225x300.jpg 225w, http:\/\/web.muniolleroshuarochiri.gob.pe\/portal\/wp-content\/uploads\/2025\/02\/Sin-titulo-1-03-768x1024.jpg 768w, http:\/\/web.muniolleroshuarochiri.gob.pe\/portal\/wp-content\/uploads\/2025\/02\/Sin-titulo-1-03-scaled.jpg 1350w\" sizes=\"(max-width: 225px) 100vw, 225px\" \/><\/div><\/a><\/div><\/div>\n<p><em><strong>Reuni\u00f3n especial con el Viceministro del Interior<\/strong><\/em><\/p>\n<div dir=\"auto\">\n<div dir=\"auto\">\n<div dir=\"auto\">\n<div class=\"x11i5rnm xat24cr x1mh8g0r x1vvkbs xtlvy1s x126k92a\">\n<div dir=\"auto\">\n<div dir=\"auto\">\n<div dir=\"auto\">\n<div dir=\"auto\">\n<div dir=\"auto\"><span class=\"html-span xexx8yu x4uap5 x18d9i69 xkhd6sd x1hl2dhg x16tdsg8 x1vvkbs x3nfvp2 x1j61x8r x1fcty0u xdj266r xat24cr xgzva0m xhhsvwb xxymvpz xlup9mm x1kky2od\"><img decoding=\"async\" loading=\"lazy\" class=\"xz74otr\" src=\"https:\/\/static.xx.fbcdn.net\/images\/emoji.php\/v9\/t64\/1\/16\/1f91d.png\" alt=\"????\" width=\"16\" height=\"16\" \/><\/span>En la sede del Ministerio del Interior el martes 21 de enero el alcalde Jorge Vidal Obispo Huapaya sostuvo una reuni\u00f3n con Julio D\u00edaz Zulueta (Viceministro de Seguridad P\u00fablica del Ministerio del Interior) para dar inicio a la capacitaci\u00f3n que el MININTER otorgar\u00e1 a los funcionarios de la Municipalidad de Santo Domingo de Los Olleros, para la construcci\u00f3n de las comisar\u00edas de Santa Rosa y Piedra Grande; el Viceministro ofreci\u00f3 su total apoyo para que este proyecto se haga realidad.<\/div>\n<div dir=\"auto\"><span class=\"html-span xdj266r x11i5rnm xat24cr x1mh8g0r xexx8yu x4uap5 x18d9i69 xkhd6sd x1hl2dhg x16tdsg8 x1vvkbs\"><a class=\"x1i10hfl xjbqb8w x1ejq31n xd10rxx x1sy0etr x17r0tee x972fbf xcfux6l x1qhh985 xm0m39n x9f619 x1ypdohk xt0psk2 xe8uvvx xdj266r x11i5rnm xat24cr x1mh8g0r xexx8yu x4uap5 x18d9i69 xkhd6sd x16tdsg8 x1hl2dhg xggy1nq x1a2a7pz x1sur9pj xkrqix3 x1fey0fg x1s688f\" tabindex=\"0\" role=\"link\" href=\"https:\/\/www.facebook.com\/hashtag\/jorgeobispohuapayatualcalde?__eep__=6&amp;__cft__[0]=AZXb4QZ5M0_0jBpGP_OtsMF940-kEKi_9zr6B5Bb-AQDAVk4bMSmWsAnKMQj6ggTE0ImqSLMbJ61BeJGitw8Hx5QJ6Zl8rEgBwo0KlCwRC_6VjEgLtQ4KsrPFlPF8FQ_EkSsKd-Z0Fs_7w1_oP6ul-4W40r28oxecYN_mg974YCQEoV8gqgnHmvL2GrVY-cXUOI&amp;__tn__=*NK-R\">#jorgeobispohuapayatualcalde<\/a><\/span><\/div>\n<div dir=\"auto\"><span class=\"html-span xdj266r x11i5rnm xat24cr x1mh8g0r xexx8yu x4uap5 x18d9i69 xkhd6sd x1hl2dhg x16tdsg8 x1vvkbs\"><a class=\"x1i10hfl xjbqb8w x1ejq31n xd10rxx x1sy0etr x17r0tee x972fbf xcfux6l x1qhh985 xm0m39n x9f619 x1ypdohk xt0psk2 xe8uvvx xdj266r x11i5rnm xat24cr x1mh8g0r xexx8yu x4uap5 x18d9i69 xkhd6sd x16tdsg8 x1hl2dhg xggy1nq x1a2a7pz x1sur9pj xkrqix3 x1fey0fg x1s688f\" tabindex=\"0\" role=\"link\" href=\"https:\/\/www.facebook.com\/hashtag\/vamosollerosporelgrancambio?__eep__=6&amp;__cft__[0]=AZXb4QZ5M0_0jBpGP_OtsMF940-kEKi_9zr6B5Bb-AQDAVk4bMSmWsAnKMQj6ggTE0ImqSLMbJ61BeJGitw8Hx5QJ6Zl8rEgBwo0KlCwRC_6VjEgLtQ4KsrPFlPF8FQ_EkSsKd-Z0Fs_7w1_oP6ul-4W40r28oxecYN_mg974YCQEoV8gqgnHmvL2GrVY-cXUOI&amp;__tn__=*NK-R\">#vamosollerosporelgrancambio<\/a><\/span><\/div>\n<div dir=\"auto\"><span class=\"html-span xdj266r x11i5rnm xat24cr x1mh8g0r xexx8yu x4uap5 x18d9i69 xkhd6sd x1hl2dhg x16tdsg8 x1vvkbs\"><a class=\"x1i10hfl xjbqb8w x1ejq31n xd10rxx x1sy0etr x17r0tee x972fbf xcfux6l x1qhh985 xm0m39n x9f619 x1ypdohk xt0psk2 xe8uvvx xdj266r x11i5rnm xat24cr x1mh8g0r xexx8yu x4uap5 x18d9i69 xkhd6sd x16tdsg8 x1hl2dhg xggy1nq x1a2a7pz x1sur9pj xkrqix3 x1fey0fg x1s688f\" tabindex=\"0\" role=\"link\" href=\"https:\/\/www.facebook.com\/hashtag\/municipalidaddesantodomingodelosolleros?__eep__=6&amp;__cft__[0]=AZXb4QZ5M0_0jBpGP_OtsMF940-kEKi_9zr6B5Bb-AQDAVk4bMSmWsAnKMQj6ggTE0ImqSLMbJ61BeJGitw8Hx5QJ6Zl8rEgBwo0KlCwRC_6VjEgLtQ4KsrPFlPF8FQ_EkSsKd-Z0Fs_7w1_oP6ul-4W40r28oxecYN_mg974YCQEoV8gqgnHmvL2GrVY-cXUOI&amp;__tn__=*NK-R\">#MunicipalidaddeSantoDomingodelosOlleros<\/a><\/span><\/div>\n<\/div>\n<div dir=\"auto\">\n<div dir=\"auto\">\n<div class=\"x11i5rnm xat24cr x1mh8g0r x1vvkbs xtlvy1s x126k92a\">\n<div dir=\"auto\"><\/div>\n<\/div>\n<\/div>\n<div dir=\"auto\"><\/div>\n<\/div>\n<\/div>\n<\/div>\n<\/div>\n<\/div>\n<\/div>\n<\/div>\n<\/div>\n","protected":false},"excerpt":{"rendered":"<p>&nbsp; Reuni\u00f3n especial con el Viceministro del Interior En la sede del Ministerio del Interior el martes 21 de enero el alcalde Jorge Vidal Obispo Huapaya sostuvo una reuni\u00f3n con Julio D\u00edaz Zulueta (Viceministro de Seguridad P\u00fablica del Ministerio del Interior) para dar inicio a la capacitaci\u00f3n que el MININTER otorgar\u00e1 a los funcionarios de&#8230;<\/p>\n","protected":false},"author":10,"featured_media":7991,"comment_status":"closed","ping_status":"closed","sticky":false,"template":"","format":"standard","meta":[],"categories":[5],"tags":[],"acf":[],"_links":{"self":[{"href":"http:\/\/web.muniolleroshuarochiri.gob.pe\/portal\/wp-json\/wp\/v2\/posts\/7990"}],"collection":[{"href":"http:\/\/web.muniolleroshuarochiri.gob.pe\/portal\/wp-json\/wp\/v2\/posts"}],"about":[{"href":"http:\/\/web.muniolleroshuarochiri.gob.pe\/portal\/wp-json\/wp\/v2\/types\/post"}],"author":[{"embeddable":true,"href":"http:\/\/web.muniolleroshuarochiri.gob.pe\/portal\/wp-json\/wp\/v2\/users\/10"}],"replies":[{"embeddable":true,"href":"http:\/\/web.muniolleroshuarochiri.gob.pe\/portal\/wp-json\/wp\/v2\/comments?post=7990"}],"version-history":[{"count":1,"href":"http:\/\/web.muniolleroshuarochiri.gob.pe\/portal\/wp-json\/wp\/v2\/posts\/7990\/revisions"}],"predecessor-version":[{"id":7994,"href":"http:\/\/web.muniolleroshuarochiri.gob.pe\/portal\/wp-json\/wp\/v2\/posts\/7990\/revisions\/7994"}],"wp:featuredmedia":[{"embeddable":true,"href":"http:\/\/web.muniolleroshuarochiri.gob.pe\/portal\/wp-json\/wp\/v2\/media\/7991"}],"wp:attachment":[{"href":"http:\/\/web.muniolleroshuarochiri.gob.pe\/portal\/wp-json\/wp\/v2\/media?parent=7990"}],"wp:term":[{"taxonomy":"category","embeddable":true,"href":"http:\/\/web.muniolleroshuarochiri.gob.pe\/portal\/wp-json\/wp\/v2\/categories?post=7990"},{"taxonomy":"post_tag","embeddable":true,"href":"http:\/\/web.muniolleroshuarochiri.gob.pe\/portal\/wp-json\/wp\/v2\/tags?post=7990"}],"curies":[{"name":"wp","href":"https:\/\/api.w.org\/{rel}","templated":true}]}}